{"id":1418,"date":"2016-02-09T12:52:55","date_gmt":"2016-02-09T10:52:55","guid":{"rendered":"http:\/\/schnell-musik.de\/?p=1418"},"modified":"2016-06-07T15:59:45","modified_gmt":"2016-06-07T13:59:45","slug":"achim-mentzel-fuer-die-schoenen","status":"publish","type":"post","link":"http:\/\/schnell-musik.de\/?p=1418","title":{"rendered":"ACHIM MENTZEL &#8211; F\u00dcR DIE SCH\u00d6NEN"},"content":{"rendered":"<p>Drei Wochen vor seinem pl\u00f6tzlichen Tod nahm Achim Mentzel seine letzten Lieder in Essen auf. Gemeinsam mit dem Produzenten Peter Schnell und dem Autor Theo Behle arbeitete er an einem Album, das die Lebensfreude der \u00dc60-Generation widerspiegeln sollte. Das Album konnte leider nicht zum Abschluss gebracht werden, sechs Titel sind allerdings fertig geworden. Mit \u201eF\u00fcr die Sch\u00f6nen\u201c und \u201eMensch mach dich nich\u00b4 verr\u00fcckt\u201c sendet Achim Mentzel einen vorletzten musikalischen Gru\u00df in die Republik, bevor Ende April 2016 seine letzte Single \u201eFussball und Wir\u201c zur Fussball-EM erscheinen wird.<\/p>\n<p>ACHIM MENTZEL &#8211; F\u00dcR DIE SCH\u00d6NEN Digitale Ver\u00f6ffentlichung am 09-02-2016<\/p>\n<p>Rundfunkbemusterung \u00fcber MPN am 11.02-2016<\/p>\n","protected":false},"excerpt":{"rendered":"<p>Drei Wochen vor seinem pl\u00f6tzlichen Tod nahm Achim Mentzel seine letzten Lieder in Essen auf. Gemeinsam mit dem Produzenten Peter Schnell und dem Autor Theo Behle arbeitete er an einem Album, das die Lebensfreude der \u00dc60-Generation widerspiegeln sollte. Das Album konnte leider nicht zum Abschluss gebracht werden, sechs Titel sind allerdings fertig geworden. Mit \u201eF\u00fcr [&hellip;]<\/p>\n","protected":false},"author":1,"featured_media":1419,"comment_status":"open","ping_status":"open","sticky":false,"template":"","format":"standard","meta":{"footnotes":""},"categories":[1],"tags":[],"class_list":["post-1418","post","type-post","status-publish","format-standard","has-post-thumbnail","hentry","category-allgemein"],"_links":{"self":[{"href":"http:\/\/schnell-musik.de\/index.php?rest_route=\/wp\/v2\/posts\/1418","targetHints":{"allow":["GET"]}}],"collection":[{"href":"http:\/\/schnell-musik.de\/index.php?rest_route=\/wp\/v2\/posts"}],"about":[{"href":"http:\/\/schnell-musik.de\/index.php?rest_route=\/wp\/v2\/types\/post"}],"author":[{"embeddable":true,"href":"http:\/\/schnell-musik.de\/index.php?rest_route=\/wp\/v2\/users\/1"}],"replies":[{"embeddable":true,"href":"http:\/\/schnell-musik.de\/index.php?rest_route=%2Fwp%2Fv2%2Fcomments&post=1418"}],"version-history":[{"count":3,"href":"http:\/\/schnell-musik.de\/index.php?rest_route=\/wp\/v2\/posts\/1418\/revisions"}],"predecessor-version":[{"id":1470,"href":"http:\/\/schnell-musik.de\/index.php?rest_route=\/wp\/v2\/posts\/1418\/revisions\/1470"}],"wp:featuredmedia":[{"embeddable":true,"href":"http:\/\/schnell-musik.de\/index.php?rest_route=\/wp\/v2\/media\/1419"}],"wp:attachment":[{"href":"http:\/\/schnell-musik.de\/index.php?rest_route=%2Fwp%2Fv2%2Fmedia&parent=1418"}],"wp:term":[{"taxonomy":"category","embeddable":true,"href":"http:\/\/schnell-musik.de\/index.php?rest_route=%2Fwp%2Fv2%2Fcategories&post=1418"},{"taxonomy":"post_tag","embeddable":true,"href":"http:\/\/schnell-musik.de\/index.php?rest_route=%2Fwp%2Fv2%2Ftags&post=1418"}],"curies":[{"name":"wp","href":"https:\/\/api.w.org\/{rel}","templated":true}]}}